{"id":1032,"date":"2024-04-15T07:33:07","date_gmt":"2024-04-15T07:33:07","guid":{"rendered":"https:\/\/www.fanatykkina.pl\/?p=1032"},"modified":"2024-04-15T07:33:08","modified_gmt":"2024-04-15T07:33:08","slug":"perfect-days-recenzja","status":"publish","type":"post","link":"https:\/\/www.fanatykkina.pl\/index.php\/2024\/04\/15\/perfect-days-recenzja\/","title":{"rendered":"Perfect Days \u2013 Recenzja"},"content":{"rendered":"\n<p>W ko\u0144cu w kinach mo\u017cemy zobaczy\u0107 najnowszy film\u00a0Wim\u2019a\u00a0Wendersa, kt\u00f3ry mo\u017cemy kojarzy\u0107 jako film otwarcia ostatnich Nowych Horyzont\u00f3w.<\/p>\n\n\n\n<!--more-->\n\n\n\n<p><br>Jednak nie jest to jedyny festiwalowy rodow\u00f3d tego dzie\u0142a. Mia\u0142 on swoj\u0105 premier\u0119 w Cannes, gdzie zdoby\u0142 nagrod\u0119 za najlepsz\u0105 rol\u0119 m\u0119ska dla\u00a0K\u014dji\u00a0Yakusho. Jednak\u00a0wracaj\u0105c na chwil\u0119 do Wendersa wielu okre\u015bli\u0142o jego nowe dzie\u0142o najlepszym od lat.\u00a0Osobi\u015bcie najbardziej ceni\u0119 sobie film dokumentalny \u201eS\u00f3l Ziemi\u201d. Jednak trzeba przyzna\u0107, \u017ce ostatnie lata nie by\u0142y dla niego najlepsze, je\u017celi chodzi o fabu\u0142y. Lepiej wygl\u0105da\u0142o to w przypadku dokument\u00f3w, co troch\u0119 przypomina sytuacj\u0119 jego rodaka Wernera Herzoga sprzed lat. Jednak film \u201ePerfect\u00a0Days\u201d wyrywa si\u0119 z tej tendencji. Obserwujemy w nim losy\u00a0Hirayama\u00a0granego przez wcze\u015bniej wspomnianego zdobywc\u0119 z\u0142otej palmy. Ma on spokojne \u017cycie, mo\u017cna powiedzie\u0107 monotonne. Sam zarys film mocno przypomina \u201ePaterson\u2019a\u201d Jima\u00a0Jarmusha, gdzie w podobny spos\u00f3b ukazana jest codzienno\u015b\u0107.<\/p>\n\n\n\n<p><br>Nowe dzie\u0142o\u00a0Wim\u2019a\u00a0skupia si\u0119 w og\u00f3\u0142 postaci\u00a0Hirayamy, obserwujemy jego \u017cycie przez kilka dnia, jego drog\u0119 do pracy jako dozorca. Samej pracy po\u015bwi\u0119cone jest du\u017co czasu,\u00a0mimo \u017ce\u00a0nie wydaje si\u0119 ona niczym bardzo ciekawym. Widzimy te\u017c jego relacje z innymi pracownikami, w tym m\u0142odym ch\u0142opakiem, kt\u00f3ry jest dla niego kim\u015b w rodzaju nauczyciela. Dynamika ich relacji jest ciekawa, bo z jednej strony\u00a0Hirayama\u00a0traktuje m\u0142odszego koleg\u0119 z g\u00f3ry, jednak te\u017c przejmuje si\u0119 jego losem. Przy tym\u00a0widaza\u0107\u00a0du\u017cy aspekt r\u00f3\u017cnic pokoleniowych, gdzie kasety, z kt\u00f3rych\u00a0s\u0142uchaj\u0105 muzyk\u0119 w samochodzie s\u0105 dla m\u0142odego ch\u0142opaka czym\u015b niespotykanym na co dzie\u0144.<\/p>\n\n\n\n<p><br>Po cz\u0119\u015bci tematem filmu mo\u017cna\u00a0nazwa\u0107, okre\u015bli\u0107 to, \u017ce g\u0142\u00f3wny bohater zaczyna traci\u0107 kontakt z dzisiejszymi czasami, \u017cyj\u0105c troch\u0119 w przesz\u0142o\u015bci. Czego najbardziej namacalnym dowodem mog\u0105 by\u0107 wspomniane kasety.\u00a0Wida\u0107 to te\u017c w r\u00f3\u017cnicy wieku\u00a0mi\u0119dzy\u00a0nim, a\u00a0osobami, z kt\u00f3rymi\u00a0sp\u0119dza najwi\u0119cej czasu. On ju\u017c bli\u017cej emerytury ni\u017c nastoletnio\u015bci, a najwi\u0119cej czasu sp\u0119dza z m\u0142odymi doros\u0142ymi. Ten aspekt jest najbardziej rozczulaj\u0105cy w swojej\u00a0uroczy\u015bci, podchodz\u0105c do bohatera jako nauczyciela i mentora dla m\u0142odych, ale\u00a0ukazuj\u0105c tak\u017ce ile on od nich si\u0119 uczy.\u00a0W\u0142a\u015bnie te mi\u0119dzypokoleniowe wsparcie jest pi\u0119knym zabiegiem emocjonalnym to tak\u017ce mora\u0142em p\u0142yn\u0105cym z dzie\u0142a.<\/p>\n\n\n\n<p><br>K\u014dji\u00a0Yakusho\u00a0za swoj\u0105 rol\u0119 dosta\u0142 nagrod\u0119 w Cannes i trzeba przyzna\u0107, \u017ce w pe\u0142ni zas\u0142u\u017cenie. Film w zdecydowanej wi\u0119kszo\u015bci opiera si\u0119 na nim, jest w niemal ka\u017cdej scenie. Tworz\u0105c posta\u0107 jednocze\u015bnie wra\u017cliw\u0105, ale i twardo st\u0105paj\u0105c\u0105 po ziemi, kt\u00f3ra pocz\u0105tkowo\u00a0wydaje si\u0119\u00a0zamkni\u0119ta, ale po poznaniu bli\u017cszym bije od niej masa ciep\u0142a.<\/p>\n\n\n\n<p><br>Wizualnie film tak\u017ce potrafi zachwyci\u0107. Tokio jest ukazane w spos\u00f3b bardzo klimatyczny, niemal nostalgiczny. W d\u0142ugich spokojnych kadrach, kt\u00f3re dobrze rezonuj\u0105 ze spokojnym tempem akcji, kt\u00f3rej prawie nie ma. No i oczywi\u015bcie te s\u0142ynne przezroczyste\u00a0toalety, o kt\u00f3rych\u00a0swego czasu by\u0142o tak g\u0142o\u015bno, tutaj graj\u0105 wa\u017cn\u0105 rol\u0119 i bardzo ciekawie kontrastuj\u0105 z do\u015b\u0107 konserwatywnie ukazanym miastem. Do tego dochodzi \u015bwietna warstwa audio, kilka znanych hit\u00f3w i kilka mniej znanych klimatycznych utwor\u00f3w, razem daje mieszank\u0119 ciekaw\u0105 i niepowtarzaln\u0105, ale przede wszystkim klimatyczn\u0105 i pasuj\u0105c\u0105 do og\u00f3\u0142u dzie\u0142a.<\/p>\n\n\n\n<p><br>Film \u201ePerfect\u00a0Days\u201d to pi\u0119kna pochwa\u0142a dla codzienno\u015bci, Wim Wenders zabiera nas do Japonii, \u017ceby\u015bmy\u00a0docenili co\u015b czego cz\u0119sto nie zauwa\u017camy,\u00a0a\u00a0codzienno\u015b\u0107\u00a0tak jak Tokio w tym filmie mo\u017ce by\u0107 pi\u0119kna.<\/p>\n\n\n\n<p><br><strong><span class=\"has-inline-color has-luminous-vivid-amber-color\">8\/10<\/span><\/strong><\/p>\n","protected":false},"excerpt":{"rendered":"<p>W ko\u0144cu w kinach mo\u017cemy zobaczy\u0107 najnowszy film\u00a0Wim\u2019a\u00a0Wendersa, kt\u00f3ry mo\u017cemy kojarzy\u0107 jako film otwarcia ostatnich Nowych Horyzont\u00f3w.<\/p>\n","protected":false},"author":1,"featured_media":1033,"comment_status":"open","ping_status":"open","sticky":false,"template":"","format":"standard","meta":{"footnotes":""},"categories":[11],"tags":[390,6,19,151,66,15,9,1035,5,80,1033,1034],"class_list":["post-1032","post","type-post","status-publish","format-standard","has-post-thumbnail","hentry","category-recenzje","tag-cannes","tag-film","tag-filmy","tag-gutek-films","tag-kina","tag-kino","tag-nowe-horyzonty","tag-perfect","tag-recenzja","tag-recenzje","tag-timeless","tag-wenders"],"_links":{"self":[{"href":"https:\/\/www.fanatykkina.pl\/index.php\/wp-json\/wp\/v2\/posts\/1032"}],"collection":[{"href":"https:\/\/www.fanatykkina.pl\/index.php\/wp-json\/wp\/v2\/posts"}],"about":[{"href":"https:\/\/www.fanatykkina.pl\/index.php\/wp-json\/wp\/v2\/types\/post"}],"author":[{"embeddable":true,"href":"https:\/\/www.fanatykkina.pl\/index.php\/wp-json\/wp\/v2\/users\/1"}],"replies":[{"embeddable":true,"href":"https:\/\/www.fanatykkina.pl\/index.php\/wp-json\/wp\/v2\/comments?post=1032"}],"version-history":[{"count":1,"href":"https:\/\/www.fanatykkina.pl\/index.php\/wp-json\/wp\/v2\/posts\/1032\/revisions"}],"predecessor-version":[{"id":1034,"href":"https:\/\/www.fanatykkina.pl\/index.php\/wp-json\/wp\/v2\/posts\/1032\/revisions\/1034"}],"wp:featuredmedia":[{"embeddable":true,"href":"https:\/\/www.fanatykkina.pl\/index.php\/wp-json\/wp\/v2\/media\/1033"}],"wp:attachment":[{"href":"https:\/\/www.fanatykkina.pl\/index.php\/wp-json\/wp\/v2\/media?parent=1032"}],"wp:term":[{"taxonomy":"category","embeddable":true,"href":"https:\/\/www.fanatykkina.pl\/index.php\/wp-json\/wp\/v2\/categories?post=1032"},{"taxonomy":"post_tag","embeddable":true,"href":"https:\/\/www.fanatykkina.pl\/index.php\/wp-json\/wp\/v2\/tags?post=1032"}],"curies":[{"name":"wp","href":"https:\/\/api.w.org\/{rel}","templated":true}]}}