{"id":1487,"date":"2025-05-24T00:37:02","date_gmt":"2025-05-24T00:37:02","guid":{"rendered":"https:\/\/www.fanatykkina.pl\/?p=1487"},"modified":"2025-05-24T00:37:03","modified_gmt":"2025-05-24T00:37:03","slug":"ukryty-motyw-recenzja","status":"publish","type":"post","link":"https:\/\/www.fanatykkina.pl\/index.php\/2025\/05\/24\/ukryty-motyw-recenzja\/","title":{"rendered":"Ukryty motyw \u2013 Recenzja"},"content":{"rendered":"\n<p>Szwedzki re\u017cyser Gustav M\u00f6ller, mimo m\u0142odego wieku jak na swoj\u0105 profesj\u0119, czyli trzydziestu siedmiu lat, ma na swoim koncie kilka ciekawych produkcji. Jego najnowszy film, kt\u00f3ry mia\u0142 premier\u0119 na zesz\u0142orocznym festiwalu w Berlinie, w ko\u0144cu doczeka\u0142 si\u0119 polskiej premiery za spraw\u0105 Gutek Films.<\/p>\n\n\n\n<!--more-->\n\n\n\n<p>Re\u017cyser w Polsce jest najbardziej znany z filmu \u201eWinni\u201d z 2019 roku. Pozostaj\u0105c wierny gatunkowi, jakim jest thriller, kr\u0119ci sw\u00f3j najnowszy film rozgrywaj\u0105cy si\u0119 w wi\u0119zieniu. Akcj\u0119 \u015bledzimy z perspektywy Evy, kobiety w \u015brednim wieku, kt\u00f3ra ju\u017c od jakiego\u015b czasu pracuje w zak\u0142adzie karnym. Stara si\u0119 resocjalizowa\u0107 wi\u0119\u017ani\u00f3w osadzonych za niezbyt powa\u017cne wykroczenia i prowadzi do\u015b\u0107 spokojne \u017cycie \u2013 do momentu, gdy do cz\u0119\u015bci o zaostrzonym rygorze w jej wi\u0119zieniu trafia Mikkel.<\/p>\n\n\n\n<p>M\u0142ody m\u0119\u017cczyzna od pierwszego zetkni\u0119cia budzi postrach \u2013 nie tylko aparycj\u0105, ale i stylem bycia, czy nawet sposobem poruszania si\u0119. Eva zg\u0142asza si\u0119 do dyrektora plac\u00f3wki z pro\u015bb\u0105 o przeniesienie do oddzia\u0142u, w kt\u00f3rym przebywa Mikkel. Ten dziwi si\u0119, ale kobiecie udaje si\u0119 uzyska\u0107 przeniesienie. Tam spotyka si\u0119 z zupe\u0142nie innym \u015bwiatem \u2013 oddzia\u0142 jest znacznie mniej przyjazny, stra\u017cnicy bardzo twardzi, a osadzeni wyj\u0105tkowo niebezpieczni. Ona zaczyna od zera \u2013 od podawania jedzenia, gdzie ka\u017cda czynno\u015b\u0107 ma swoj\u0105 procedur\u0119 bezpiecze\u0144stwa.<\/p>\n\n\n\n<p>Gdy staje po raz pierwszy twarz\u0105 w twarz z Mikkelem, zaczynamy rozumie\u0107, o co chodzi \u2013 zemsta.<\/p>\n\n\n\n<p>Ca\u0142y dalszy film to Eva pr\u00f3buj\u0105ca uprzykrzy\u0107 \u017cycie Mikkela w wi\u0119zieniu na r\u00f3\u017cne sposoby \u2013 raz odmawia mu papieros\u00f3w, innym razem wyj\u015bcia do toalety \u2013 jednak to tylko pocz\u0105tek. Nie zdradzaj\u0105c szczeg\u00f3\u0142\u00f3w, p\u00f3\u017aniej dzieje si\u0119 co\u015b istotnego, co sprawia, \u017ce dynamika ich relacji przestaje by\u0107 tak prosta. Jednocze\u015bnie wraz z trwaniem filmu widz dowiaduje si\u0119 z r\u00f3\u017cnych strz\u0119pk\u00f3w informacji, o co chodzi w tej zem\u015bcie i dlaczego jest tak wa\u017cna.<\/p>\n\n\n\n<p>Wydaje si\u0119, \u017ce Eva podporz\u0105dkowuje ca\u0142e swoje \u017cycie tej jednej sprawie, co stanowi ciekawy punkt wyj\u015bcia. Problemem wydaje si\u0119 jednak momentami samo wykonanie \u2013 w filmie jest kilka mniejszych i wi\u0119kszych luk logicznych, najcz\u0119\u015bciej dotycz\u0105cych sytuacji, gdzie co\u015b dzieje si\u0119 bez sensu i bez wyja\u015bnienia. Jakby fragmenty filmu zosta\u0142y wyci\u0119te.<\/p>\n\n\n\n<p>Jednak co\u015b takiego mo\u017cna wrzuci\u0107 do koszyka z napisem \u201ezawieszenie niewiary\u201d.<\/p>\n\n\n\n<p>Film formalnie bardzo przypomina ostatnie produkcje braci Dardenne. Jest bardzo surowy \u2013 kamera ca\u0142y czas towarzyszy bohaterce z bliska, a film nie komentuje wydarze\u0144, jedynie je przedstawia w czystej formie, daj\u0105c widzom szans\u0119 na w\u0142asny os\u0105d. To bardzo ciekawe podej\u015bcie \u2013 szczeg\u00f3lnie w ko\u0144c\u00f3wce filmu, gdzie sprawy nie s\u0105 moralnie tak proste, jak mog\u0105 si\u0119 wydawa\u0107 na pierwszy rzut oka.<\/p>\n\n\n\n<p>Film dodatkowo tworzy paralele mi\u0119dzy bohaterami, daj\u0105ce cz\u0119sto drugie dno ich dzia\u0142aniom. Finalnie tworzy to bardzo emocjonalny efekt \u2013 szczeg\u00f3lnie w odbiorze bohater\u00f3w, kt\u00f3rzy nie s\u0105 czarno-biali. Cho\u0107 trzeba przyzna\u0107, \u017ce mimo kilku mocnych, fizycznych scen, to zdecydowanie thriller psychologiczny, gdzie najwi\u0119cej dzieje si\u0119 w g\u0142owach bohater\u00f3w. Cz\u0119sto zahacza gatunkowo o dramat, ale trzeba te\u017c zaznaczy\u0107, \u017ce film ma bardzo dobre tempo.<\/p>\n\n\n\n<p>\u201eUkryty motyw\u201d to ciekawy przyk\u0142ad thrillera psychologicznego dziej\u0105cego si\u0119 w wi\u0119zieniu, z motywem zemsty, kt\u00f3ry na r\u00f3\u017cne sposoby bada moralne os\u0105dy bohater\u00f3w. Czasem przy tym wykonuje spore susy fabularne, jednak nie odbiera to warstwy emocjonalnej temu filmowi, kt\u00f3ry trzyma w napi\u0119ciu od pocz\u0105tku do ko\u0144ca.<\/p>\n\n\n\n<p class=\"has-luminous-vivid-amber-color has-text-color has-link-color wp-elements-36eac899c2fe50fb99d603d51165c223\"><strong>6\/10<\/strong><\/p>\n\n\n\n<p><\/p>\n","protected":false},"excerpt":{"rendered":"<p>Szwedzki re\u017cyser Gustav M\u00f6ller, mimo m\u0142odego wieku jak na swoj\u0105 profesj\u0119, czyli trzydziestu siedmiu lat, ma na swoim koncie kilka ciekawych produkcji. Jego najnowszy film, kt\u00f3ry mia\u0142 premier\u0119 na zesz\u0142orocznym festiwalu w Berlinie, w ko\u0144cu doczeka\u0142 si\u0119 polskiej premiery za spraw\u0105 Gutek Films.<\/p>\n","protected":false},"author":1,"featured_media":1490,"comment_status":"open","ping_status":"open","sticky":false,"template":"","format":"standard","meta":{"footnotes":""},"categories":[11],"tags":[6,19,316,151,328,657,709,192,5,80,326,1423,58],"class_list":["post-1487","post","type-post","status-publish","format-standard","has-post-thumbnail","hentry","category-recenzje","tag-film","tag-filmy","tag-gdzie-obejrzec","tag-gutek-films","tag-obsada","tag-opinia","tag-opinie","tag-opis","tag-recenzja","tag-recenzje","tag-thriller","tag-ukryty-motyw","tag-vod"],"_links":{"self":[{"href":"https:\/\/www.fanatykkina.pl\/index.php\/wp-json\/wp\/v2\/posts\/1487"}],"collection":[{"href":"https:\/\/www.fanatykkina.pl\/index.php\/wp-json\/wp\/v2\/posts"}],"about":[{"href":"https:\/\/www.fanatykkina.pl\/index.php\/wp-json\/wp\/v2\/types\/post"}],"author":[{"embeddable":true,"href":"https:\/\/www.fanatykkina.pl\/index.php\/wp-json\/wp\/v2\/users\/1"}],"replies":[{"embeddable":true,"href":"https:\/\/www.fanatykkina.pl\/index.php\/wp-json\/wp\/v2\/comments?post=1487"}],"version-history":[{"count":1,"href":"https:\/\/www.fanatykkina.pl\/index.php\/wp-json\/wp\/v2\/posts\/1487\/revisions"}],"predecessor-version":[{"id":1491,"href":"https:\/\/www.fanatykkina.pl\/index.php\/wp-json\/wp\/v2\/posts\/1487\/revisions\/1491"}],"wp:featuredmedia":[{"embeddable":true,"href":"https:\/\/www.fanatykkina.pl\/index.php\/wp-json\/wp\/v2\/media\/1490"}],"wp:attachment":[{"href":"https:\/\/www.fanatykkina.pl\/index.php\/wp-json\/wp\/v2\/media?parent=1487"}],"wp:term":[{"taxonomy":"category","embeddable":true,"href":"https:\/\/www.fanatykkina.pl\/index.php\/wp-json\/wp\/v2\/categories?post=1487"},{"taxonomy":"post_tag","embeddable":true,"href":"https:\/\/www.fanatykkina.pl\/index.php\/wp-json\/wp\/v2\/tags?post=1487"}],"curies":[{"name":"wp","href":"https:\/\/api.w.org\/{rel}","templated":true}]}}