{"id":1504,"date":"2025-06-11T16:15:31","date_gmt":"2025-06-11T16:15:31","guid":{"rendered":"https:\/\/www.fanatykkina.pl\/?p=1504"},"modified":"2025-06-11T16:15:31","modified_gmt":"2025-06-11T16:15:31","slug":"fenicki-uklad-recenzja","status":"publish","type":"post","link":"https:\/\/www.fanatykkina.pl\/index.php\/2025\/06\/11\/fenicki-uklad-recenzja\/","title":{"rendered":"Fenicki uk\u0142ad &#8211; Recenzja"},"content":{"rendered":"\n<p>Wes Anderson wraca \u2013 i to w towarzystwie scenarzysty, z kt\u00f3rym nie wsp\u00f3\u0142pracowa\u0142 od przesz\u0142o dziesi\u0119ciu lat, Romanem Coppol\u0105. <\/p>\n\n\n\n<!--more-->\n\n\n\n<p>Autor scenariuszy do takich film\u00f3w jak Kochankowie z Ksi\u0119\u017cyca, Moonrise Kingdom czy Poci\u0105g do Darjeeling, znany jednak bardziej z bycia synem tego Coppoli, ostatnie lata mia\u0142 spokojne. \u017beby nie powiedzie\u0107, \u017ce nie robi\u0142 nic \u2013 a na pewno nie w temacie film\u00f3w. W przeciwie\u0144stwie do niego, Wes ostatnio mia\u0142 bardzo p\u0142odny okres, jednak nie najlepiej by\u0142o, je\u017celi chodzi o jako\u015b\u0107 jego dzie\u0142, kt\u00f3re ust\u0119powa\u0142y tym sprzed dziesi\u0119ciu czy wi\u0119cej lat. Jednak powr\u00f3t do scenarzysty z tamtych czas\u00f3w mia\u0142 by\u0107 paradoksalnym powiewem \u015bwie\u017co\u015bci. <\/p>\n\n\n\n<p>Film opowiada o ekscentryku, Zs-Zsa Kordzie, kt\u00f3ry na pocz\u0105tku filmu prze\u017cywa \u015bmiertelny wypadek lotniczy. Jednak w mi\u0119dzyczasie widzimy s\u0105d nad nim w niebie \u2013 cho\u0107 to akurat powtarzaj\u0105cy si\u0119 motyw w tym filmie. Szybko dowiadujemy si\u0119, \u017ce na g\u0142\u00f3wnego bohatera czekaj\u0105 dziesi\u0105tki niebezpiecze\u0144stw, a on prze\u017cy\u0142 tysi\u0105ce pr\u00f3b zabicia go. W fikcyjnym \u015bwiecie tego filmu przedstawiciele sk\u0142\u00f3conych mocarstw maj\u0105 za jedyny wsp\u00f3lny cel unicestwienie go, gdy\u017c zagra\u017ca ich interesom. Ten natomiast przywo\u0142uje do siebie swoj\u0105 jedyn\u0105 c\u00f3rk\u0119, kt\u00f3ra ma wst\u0105pi\u0107 do zakonu, i chce, \u017ceby to ona \u2013 a nie jeden z jego wielu syn\u00f3w \u2013 przej\u0119\u0142a jego maj\u0105tek i firm\u0119. Jako okres pr\u00f3bny na tym stanowisku prosi j\u0105 o pomoc w realizacji dzie\u0142a swojego \u017cycia: kompleksu inwestycji w regionie, kt\u00f3ry ma sprawi\u0107, \u017ce okolica stanie si\u0119 ciekawsza dla inwestor\u00f3w, a on \u2013 a w zasadzie jego firma \u2013 b\u0119dzie mia\u0142a z tego 5% prowizji, kt\u00f3re jest jego znakiem rozpoznawczym. Napi\u0119cia zaostrza sytuacja rynkowa, gdzie mocarstwa zmanipulowa\u0142y cen\u0105 nit\u00f3w, i Korda musi jecha\u0107 w podr\u00f3\u017c po regionie, przekonywa\u0107 ludzi do za\u0142atania dziury bud\u017cetowej. <\/p>\n\n\n\n<p>Wi\u0119c mo\u017cna powiedzie\u0107, \u017ce to takie andersonowskie kino drogi: ekscentryk-biznesmen, na kt\u00f3rego ca\u0142y czas s\u0105 wystawiane wyroki \u015bmierci, jego c\u00f3rka, kt\u00f3ra chce z\u0142o\u017cy\u0107 \u015bluby zakonne, i nauczyciel-guwernant, kt\u00f3ry udaje partnera biznesowego. I tu trzeba przyzna\u0107, \u017ce chemia mi\u0119dzy postaciami tak r\u00f3\u017cnymi jest na poziomie \u2013 oraz mi\u0119dzy nimi a bohaterami, kt\u00f3rych odwiedzaj\u0105. Jest tu du\u017co abstrakcji, a bohaterowie z drugiego planu to ju\u017c niemal chodz\u0105ce karykatury. Przy tym \u2013 w tym przerysowaniu jest metoda i film potrafi by\u0107 zabawny, a w swoim absurdzie ciekawy. Jednak troch\u0119 gorzej jest z tym, jak historia jest prowadzona. Oczywi\u015bcie to wydaje si\u0119 by\u0107 w filmach Wesa element nie tak istotny jak w innych filmach. Jednak tutaj jej pretekstowo\u015b\u0107 wydaje si\u0119 przesadzona \u2013 ale do prze\u017cycia. Tak z czasem wydaje si\u0119 przeci\u0105gni\u0119ta i z brakiem pomys\u0142\u00f3w na siebie, szczeg\u00f3lnie w trzecim akcie. Szczeg\u00f3lnie to boli, gdy\u017c zawi\u0105zanie akcji wydaje si\u0119 bardzo ciekawe \u2013 tylko potem wydaje si\u0119, \u017ce film zaczyna si\u0119 rymowa\u0107 sam ze sob\u0105. <\/p>\n\n\n\n<p>Co jest chyba sednem problemu tego filmu \u2013 jest to kolejny podobny film Wesa Andersona. Co oczywi\u015bcie widzimy szczeg\u00f3lnie w warstwie wizualnej. I tu film jest podobny do pozosta\u0142ych jego ostatnich dzie\u0142 \u2013 jest symetrycznie, czasem kadry s\u0105 idealne, a czasem specjalnie zepsute, jednak wszystko jest przemy\u015blane, tak jak ka\u017cdy ruch kamery. I z jednej strony dalej to wygl\u0105da \u015bwietnie, z drugiej \u2013 jako widz, kt\u00f3ry zachwyca\u0142 si\u0119 Grand Budapestem i wieloma jego innymi filmami \u2013 czuj\u0119 zm\u0119czenie materia\u0142u w tej materii. <\/p>\n\n\n\n<p>Natomiast najwi\u0119kszym od\u015bwie\u017ceniem wydaje si\u0119 Benicio del Toro \u2013 wcielaj\u0105cy si\u0119 tutaj w g\u0142\u00f3wn\u0105 rol\u0119. Aktor gra\u0142 ju\u017c u Wesa drugoplanowe role, jednak tutaj jako Korda jest \u015bwietny. Tak jak u Wesa, du\u017co jest te\u017c mikro-wyst\u0119p\u00f3w \u2013 bohater\u00f3w, kt\u00f3rzy pojawiaj\u0105 si\u0119 na kilka minut, jak Bryan Cranston, Benedict Cumberbatch, Mathieu Amalric, Riz Ahmed \u2013 i na czele tego Bill Murray jako B\u00f3g. W kontrze do tego Mia Threapleton i Michael Cera jako c\u00f3rka g\u0142\u00f3wnego bohatera i guwernant wypadaj\u0105 jak najbardziej pozytywnie, ale wydaj\u0105 si\u0119 do\u015b\u0107 nijacy i niezapadaj\u0105cy w pami\u0119\u0107. <\/p>\n\n\n\n<p>Nowy film Amerykanina kontynuuje jego trend film\u00f3w ciekawych w za\u0142o\u017ceniu, stylowych wizualnie, ze \u015bwietn\u0105 obsad\u0105\u2026 jednak tu przychodzi to \u201eale\u201d. Film\u00f3w, kt\u00f3re s\u0105 jakby reinterpretacjami samych siebie, w kt\u00f3rych Wes nie m\u00f3wi nic nowego. Zako\u0144cz\u0119 s\u0142owami mojej partnerki: \u201eGdybym nie widzia\u0142a Grand Budapest Hotelu, to by\u0142abym pod wra\u017ceniem.\u201d<\/p>\n\n\n\n<p class=\"has-luminous-vivid-amber-color has-text-color has-link-color wp-elements-36eac899c2fe50fb99d603d51165c223\"><strong>6\/10<\/strong><\/p>\n","protected":false},"excerpt":{"rendered":"<p>Wes Anderson wraca \u2013 i to w towarzystwie scenarzysty, z kt\u00f3rym nie wsp\u00f3\u0142pracowa\u0142 od przesz\u0142o dziesi\u0119ciu lat, Romanem Coppol\u0105.<\/p>\n","protected":false},"author":1,"featured_media":1506,"comment_status":"open","ping_status":"open","sticky":false,"template":"","format":"standard","meta":{"footnotes":""},"categories":[11],"tags":[390,430,6,19,316,66,15,328,657,709,192,174,33,5,80,58,153,190],"class_list":["post-1504","post","type-post","status-publish","format-standard","has-post-thumbnail","hentry","category-recenzje","tag-cannes","tag-del-toro","tag-film","tag-filmy","tag-gdzie-obejrzec","tag-kina","tag-kino","tag-obsada","tag-opinia","tag-opinie","tag-opis","tag-plakat","tag-premiera","tag-recenzja","tag-recenzje","tag-vod","tag-wes-anderson","tag-wiliem-defoe"],"_links":{"self":[{"href":"https:\/\/www.fanatykkina.pl\/index.php\/wp-json\/wp\/v2\/posts\/1504"}],"collection":[{"href":"https:\/\/www.fanatykkina.pl\/index.php\/wp-json\/wp\/v2\/posts"}],"about":[{"href":"https:\/\/www.fanatykkina.pl\/index.php\/wp-json\/wp\/v2\/types\/post"}],"author":[{"embeddable":true,"href":"https:\/\/www.fanatykkina.pl\/index.php\/wp-json\/wp\/v2\/users\/1"}],"replies":[{"embeddable":true,"href":"https:\/\/www.fanatykkina.pl\/index.php\/wp-json\/wp\/v2\/comments?post=1504"}],"version-history":[{"count":2,"href":"https:\/\/www.fanatykkina.pl\/index.php\/wp-json\/wp\/v2\/posts\/1504\/revisions"}],"predecessor-version":[{"id":1510,"href":"https:\/\/www.fanatykkina.pl\/index.php\/wp-json\/wp\/v2\/posts\/1504\/revisions\/1510"}],"wp:featuredmedia":[{"embeddable":true,"href":"https:\/\/www.fanatykkina.pl\/index.php\/wp-json\/wp\/v2\/media\/1506"}],"wp:attachment":[{"href":"https:\/\/www.fanatykkina.pl\/index.php\/wp-json\/wp\/v2\/media?parent=1504"}],"wp:term":[{"taxonomy":"category","embeddable":true,"href":"https:\/\/www.fanatykkina.pl\/index.php\/wp-json\/wp\/v2\/categories?post=1504"},{"taxonomy":"post_tag","embeddable":true,"href":"https:\/\/www.fanatykkina.pl\/index.php\/wp-json\/wp\/v2\/tags?post=1504"}],"curies":[{"name":"wp","href":"https:\/\/api.w.org\/{rel}","templated":true}]}}