{"id":1996,"date":"2026-08-31T17:05:07","date_gmt":"2026-08-31T17:05:07","guid":{"rendered":"https:\/\/www.fanatykkina.pl\/?p=1996"},"modified":"2026-08-31T17:05:08","modified_gmt":"2026-08-31T17:05:08","slug":"gorzkie-swieta-recenzja","status":"publish","type":"post","link":"https:\/\/www.fanatykkina.pl\/index.php\/2026\/08\/31\/gorzkie-swieta-recenzja\/","title":{"rendered":"Gorzkie \u015bwi\u0119ta \u2013 Recenzja"},"content":{"rendered":"\n<p>Pedro Almod\u00f3var po nagrodzie w Wenecji za sw\u00f3j poprzedni film wr\u00f3ci\u0142 z premier\u0105 do Cannes.<\/p>\n\n\n\n<!--more-->\n\n\n\n<p><br>Film nie przyj\u0105\u0142 si\u0119 zbyt dobrze i w\u015br\u00f3d krytyk\u00f3w i publiczno\u015bci, jednak tak by\u0142o z poprzednim, kt\u00f3ry dosta\u0142 z\u0142otego lwa. W najnowszym dziele opowiada historie w historii, film w filmie. W tej zewn\u0119trznej opowie\u015bci przygl\u0105da si\u0119 emerytowanemu re\u017cyserowi, Raulowi, kt\u00f3ry jest ca\u0142y czas aktywny zawodowo i pisze scenariusz swojego dzie\u0142a. W tym czasie odchodzi od niego jego prawa r\u0119ka, kobieta w \u015brednim\u00a0wieku, kt\u00f3ra\u00a0pracowa\u0142a dla niego wiele lat. Ten zaczyna opisywa\u0107 w\u0105tek z jej \u017cycia w swoim scenariuszu.<\/p>\n\n\n\n<p><br>Tu przechodzimy do opowie\u015bci w opowie\u015bci, jest to do\u015b\u0107 typowy przyk\u0142ad melodramatu. Przepracowana pisarka\u00a0zaczyna\u00a0dostawa\u0107 atak\u00f3w paniki. Jej du\u017co m\u0142odszy partner wspiera j\u0105, acz z czasem zaczyna mie\u0107 problem\u00a0z tym \u017ce\u00a0jego \u017cycie kr\u0119ci si\u0119 tylko wok\u00f3\u0142 jego partnerki i jej problem\u00f3w. Jednocze\u015bnie dostajemy histori\u0119 ich poznania i pocz\u0105tk\u00f3w relacji. Gdy kobieta\u00a0wyje\u017cd\u017ca na jaki\u015b czas, sprawy zaczynaj\u0105 si\u0119 komplikowa\u0107,\u00a0a j\u0105 zaczyna dogania\u0107 w\u0142asna\u00a0przesz\u0142o\u015b\u0107, z kt\u00f3r\u0105\u00a0\u0142\u0105cz\u0105 si\u0119 nie najprzyjemniejsze wydarzenia z tera\u017aniejszo\u015bci.<\/p>\n\n\n\n<p><br>W strukturze film podzieli\u0142bym na jedn\u0105 czwart\u0105 do opowie\u015bci Raula i trzy czwarte dla jego dzie\u0142a. I tutaj m\u00f3j najwi\u0119kszy zarzut do tego filmu, bo uwa\u017cam,\u00a0\u017ce\u00a0sama historia tw\u00f3rcy jest du\u017co ciekawsza ni\u017c jego dzie\u0142o. Dzie\u0142o, kt\u00f3re powstaje tak jakby w czasie rzeczywistym, co jest ciekawym\u00a0konceptem, ale sam melodramat jest po prostu do\u015b\u0107 nijaki i nudny. Przypomina po cz\u0119\u015bci poprzedni film re\u017cysera, czyli \u201eW pokoju obok\u201d z tym,\u00a0\u017ce\u00a0uwa\u017cam, \u017ce jest jeszcze bardziej\u00a0nijaki.<\/p>\n\n\n\n<p><br>Mo\u017ce to po cz\u0119\u015bci kwestia obsady, tam mieli\u015bmy bardzo dobrze zgrany duet. Tutaj wszystko wydaje si\u0119\u2026 no nie chce nadu\u017cywa\u0107 s\u0142owa \u201enijako\u015b\u0107\u201d, ale to kolejna jego ods\u0142ona. Autentycznie\u00a0pisz\u0105c to, w dwa dni po obejrzeniu filmu zapami\u0119ta\u0142em tylko, fakt d\u0142ugiego m\u0119skiego striptizu i\u00a0to, \u017ce bohaterka ca\u0142y czas wspomina o\u00a0Xanaxie.<\/p>\n\n\n\n<p><strong><br>W tym akapicie b\u0119d\u0105 wa\u017cne informacje\u00a0odno\u015bnie do\u00a0ko\u0144c\u00f3wki filmu.<\/strong><br>I dalej bym krytykowa\u0142 film i ogl\u0105daj\u0105 go w mniej wi\u0119cej trzech czwartych d\u0142ugo\u015bci mia\u0142em do\u015b\u0107. Jednak ko\u0144c\u00f3wka to czysty pokaz geniuszu\u00a0Almodovara. Film wraca do perspektywy\u00a0Raula, \u017ceby\u00a0skonfrontowa\u0107 go z jego by\u0142\u0105 menad\u017cerk\u0105, kt\u00f3ra zarzuca mu bazowanie na tragedii jej bliskiej osoby. Film w jednej rozmowie robi dekonstrukcje etyczno\u015bci brania historii z \u017cycia, czym jest prawda, a inspiracja i istoty scenopisarstwa. Tak jak kiedy\u015b\u00a0kochali\u015bmy dialogi w filmach Hiszpana, to tutaj dostajemy powr\u00f3t na niewyobra\u017calnie wysoki poziom.\u00a0Jednocze\u015bnie, dekonstruuj\u0105c swoje dzie\u0142o.\u00a0Tylko, \u017ce tu\u00a0pojawia si\u0119 problem. Raul zdaje sobie spraw\u0119 z mankament\u00f3w swojego dzie\u0142a, tylko \u017ce my jego ekranizacj\u0119 na bie\u017c\u0105co ogl\u0105dali\u015bmy. Czytaj\u00a0Almodovar\u00a0\u015bwiadomie kr\u0119ci nijaki melodramat i wype\u0142nia nim trzy czwarte swojego filmu, \u017ceby go potem skrytykowa\u0107 i rozwa\u017ca\u0107 o wspomnianych wy\u017cej tematach. Jest to jednocze\u015bnie odwa\u017cne, ciekawe, ale te\u017c sprawia, \u017ce przez wi\u0119kszo\u015b\u0107 trwania filmu b\u0119dziemy ogl\u0105da\u0107 co\u015b nijakiego.<\/p>\n\n\n\n<p><br>I sam stoj\u0119 w rozkroku, bo z jednej strony kupuje ten ko\u0144cowy motyw\u00a0Almodovara, ale te\u017c wynudzi\u0142em si\u0119 przez zdecydowan\u0105 wi\u0119kszo\u015b\u0107 seansu. Film \u015bwietnie dzia\u0142a jako autoironia, jak i dekonstrukcja kina i temat\u00f3w z nim zwi\u0105zanych, szkoda \u017ce \u017ceby\u00a0to zrobi\u0107 musi najpierw zniech\u0119ci\u0107 widza do ogl\u0105dania.<\/p>\n\n\n\n<p class=\"has-luminous-vivid-amber-color has-text-color has-link-color wp-elements-a45ffb6cd3fdaa8e44426f71dcccbe2a\"><br><strong>6\/10<\/strong><\/p>\n","protected":false},"excerpt":{"rendered":"<p>Pedro Almod\u00f3var po nagrodzie w Wenecji za sw\u00f3j poprzedni film wr\u00f3ci\u0142 z premier\u0105 do Cannes.<\/p>\n","protected":false},"author":1,"featured_media":1997,"comment_status":"open","ping_status":"open","sticky":false,"template":"","format":"standard","meta":{"footnotes":""},"categories":[11],"tags":[164,390,62,821,6,19,316,165,1846,1847,66,15,1179,328,657,709,192,1845,5,80,58],"class_list":["post-1996","post","type-post","status-publish","format-standard","has-post-thumbnail","hentry","category-recenzje","tag-almodovar","tag-cannes","tag-co-obejrzec","tag-dramat","tag-film","tag-filmy","tag-gdzie-obejrzec","tag-hiszpania","tag-hiszpanski-film","tag-jezyk-hiszpanski","tag-kina","tag-kino","tag-melodramat","tag-obsada","tag-opinia","tag-opinie","tag-opis","tag-pedro-almodovar","tag-recenzja","tag-recenzje","tag-vod"],"_links":{"self":[{"href":"https:\/\/www.fanatykkina.pl\/index.php\/wp-json\/wp\/v2\/posts\/1996"}],"collection":[{"href":"https:\/\/www.fanatykkina.pl\/index.php\/wp-json\/wp\/v2\/posts"}],"about":[{"href":"https:\/\/www.fanatykkina.pl\/index.php\/wp-json\/wp\/v2\/types\/post"}],"author":[{"embeddable":true,"href":"https:\/\/www.fanatykkina.pl\/index.php\/wp-json\/wp\/v2\/users\/1"}],"replies":[{"embeddable":true,"href":"https:\/\/www.fanatykkina.pl\/index.php\/wp-json\/wp\/v2\/comments?post=1996"}],"version-history":[{"count":1,"href":"https:\/\/www.fanatykkina.pl\/index.php\/wp-json\/wp\/v2\/posts\/1996\/revisions"}],"predecessor-version":[{"id":1998,"href":"https:\/\/www.fanatykkina.pl\/index.php\/wp-json\/wp\/v2\/posts\/1996\/revisions\/1998"}],"wp:featuredmedia":[{"embeddable":true,"href":"https:\/\/www.fanatykkina.pl\/index.php\/wp-json\/wp\/v2\/media\/1997"}],"wp:attachment":[{"href":"https:\/\/www.fanatykkina.pl\/index.php\/wp-json\/wp\/v2\/media?parent=1996"}],"wp:term":[{"taxonomy":"category","embeddable":true,"href":"https:\/\/www.fanatykkina.pl\/index.php\/wp-json\/wp\/v2\/categories?post=1996"},{"taxonomy":"post_tag","embeddable":true,"href":"https:\/\/www.fanatykkina.pl\/index.php\/wp-json\/wp\/v2\/tags?post=1996"}],"curies":[{"name":"wp","href":"https:\/\/api.w.org\/{rel}","templated":true}]}}